{"id":251,"date":"2023-06-07T13:58:11","date_gmt":"2023-06-07T11:58:11","guid":{"rendered":"https:\/\/marionlhote.org\/?p=251"},"modified":"2023-06-23T11:40:20","modified_gmt":"2023-06-23T09:40:20","slug":"lagression","status":"publish","type":"post","link":"https:\/\/marionlhote.org\/index.php\/2023\/06\/07\/lagression\/","title":{"rendered":"L&rsquo;agression"},"content":{"rendered":"<p>[et_pb_section fb_built=\u00a0\u00bb1&Prime; admin_label=\u00a0\u00bbsection\u00a0\u00bb _builder_version=\u00a0\u00bb4.16&Prime; global_colors_info=\u00a0\u00bb{}\u00a0\u00bb theme_builder_area=\u00a0\u00bbpost_content\u00a0\u00bb][et_pb_row admin_label=\u00a0\u00bbrow\u00a0\u00bb _builder_version=\u00a0\u00bb4.16&Prime; background_size=\u00a0\u00bbinitial\u00a0\u00bb background_position=\u00a0\u00bbtop_left\u00a0\u00bb background_repeat=\u00a0\u00bbrepeat\u00a0\u00bb global_colors_info=\u00a0\u00bb{}\u00a0\u00bb theme_builder_area=\u00a0\u00bbpost_content\u00a0\u00bb][et_pb_column type=\u00a0\u00bb4_4&Prime; _builder_version=\u00a0\u00bb4.16&Prime; custom_padding=\u00a0\u00bb|||\u00a0\u00bb global_colors_info=\u00a0\u00bb{}\u00a0\u00bb custom_padding__hover=\u00a0\u00bb|||\u00a0\u00bb theme_builder_area=\u00a0\u00bbpost_content\u00a0\u00bb][et_pb_text admin_label=\u00a0\u00bbText\u00a0\u00bb _builder_version=\u00a0\u00bb4.21.0&Prime; background_size=\u00a0\u00bbinitial\u00a0\u00bb background_position=\u00a0\u00bbtop_left\u00a0\u00bb background_repeat=\u00a0\u00bbrepeat\u00a0\u00bb text_orientation=\u00a0\u00bbcenter\u00a0\u00bb global_colors_info=\u00a0\u00bb{}\u00a0\u00bb theme_builder_area=\u00a0\u00bbpost_content\u00a0\u00bb]<\/p>\n<p class=\"has-text-color\" style=\"text-align: center;\"><span>Je me sens agress\u00e9(e) d\u00e8s que je per\u00e7ois de la violence, qu\u2019elle soit physique, verbale, psychologique dans ce que je vis moi-m\u00eame ou dans ce que je vois, entends, ressens de tierce(s) personne(s)\u2026 les coups peuvent provenir de gestes mais aussi de paroles, ou encore d\u2019une certaine forme de pression, ressentie nerveusement et \u2013 ou \u00e9motionnellement. La r\u00e9p\u00e9tition des agressions, dans le cas par exemple du harc\u00e8lement (scolaire, moral, psychologique ou encore cyber-harc\u00e8lement), ne fait qu\u2019augmenter, accentuer le ressenti m\u00eame si je m\u2019efforce de me prot\u00e9ger voire me blinder, de me persuader que \u201cce n\u2019est rien\u2026 \u201c, que \u201c\u00e7a va passer !! \u201c, ou que \u201c\u00e7a va changer\u201d. La maltraitance peut ainsi prendre beaucoup de formes\u2026 tout est dans le ressenti de la personne qui subit.<\/span><br \/><span>L\u2019inconscient peut naturellement, suite \u00e0 une agression, mettre en place des strat\u00e9gies pour se prot\u00e9ger :<\/span><br \/><span>\u2013 physiquement : prendre du poids permet inconsciemment de se prot\u00e9ger (on m\u2019agresse =&gt; je mets ma graisse\u2026 ), d\u00e9velopper une maladie ou une pathologie (\u00e9chapper \u00e0 l\u2019agresseur(e) si les actes sont pr\u00e9sents et trouver un refuge ailleurs ou aupr\u00e8s d\u2019un professionnel de sant\u00e9\u2026, ou encore des ann\u00e9es apr\u00e8s pour \u201cmontrer\u201d o\u00f9 on a eu mal\u2026 ), l\u2019arr\u00eat de la croissance (rester tout petit pour se rendre invisible)\u2026<\/span><br \/><span>\u2013 \u00e9motionnellement : d\u00e9veloppement de phobie, d\u2019insensibilit\u00e9 ou au contraire d\u2019hypersensibilit\u00e9 (qualifi\u00e9e parfois de \u201csensiblerie\u201d), peur, angoisse, hyper vigilance, stress, culpabilit\u00e9, honte, col\u00e8re, tristesse, perte de joie ou de go\u00fbt de vivre\u2026<\/span><br \/><span>Un enfant, un(e) adolescent(e) qui a re\u00e7u de la violence ou qui a assist\u00e9 \u00e0 des actes violents est susceptible de la faire subir aux personnes qu\u2019il ou elle aime, ou de subir, encore et encore, de la violence : par fid\u00e9lit\u00e9 ou mim\u00e9tisme inconscient, on reproduit ce qu\u2019on a v\u00e9cu, comme un mod\u00e8le.<\/span><br \/><span>Si maman m\u2019a aim\u00e9(e) en \u00e9tant violente, je peux assimiler l\u2019Amour \u00e0 la violence. En \u00eatre conscient(e) ou non ne change rien, c\u2019est un automatisme que l\u2019inconscient reproduit.<\/span><\/p>\n<p>[\/et_pb_text][\/et_pb_column][\/et_pb_row][\/et_pb_section]<\/p>\n","protected":false},"excerpt":{"rendered":"<p>Je me sens agress\u00e9(e) d\u00e8s que je per\u00e7ois de la violence, qu\u2019elle soit physique, verbale, psychologique dans ce que je vis moi-m\u00eame ou dans ce que je vois, entends, ressens de tierce(s) personne(s)\u2026 les coups peuvent provenir de gestes mais aussi de paroles, ou encore d\u2019une certaine forme de pression, ressentie nerveusement et \u2013 ou [&hellip;]<\/p>\n","protected":false},"author":1,"featured_media":253,"comment_status":"open","ping_status":"open","sticky":false,"template":"","format":"standard","meta":{"_et_pb_use_builder":"on","_et_pb_old_content":"<!-- wp:paragraph -->\n<p>Bienvenue sur WordPress. Ceci est votre premier article. Modifiez-le ou supprimez-le, puis commencez \u00e0 \u00e9crire\u00a0!<\/p>\n<!-- \/wp:paragraph -->","_et_gb_content_width":"","footnotes":""},"categories":[1],"tags":[],"class_list":["post-251","post","type-post","status-publish","format-standard","has-post-thumbnail","hentry","category-non-classe"],"_links":{"self":[{"href":"https:\/\/marionlhote.org\/index.php\/wp-json\/wp\/v2\/posts\/251","targetHints":{"allow":["GET"]}}],"collection":[{"href":"https:\/\/marionlhote.org\/index.php\/wp-json\/wp\/v2\/posts"}],"about":[{"href":"https:\/\/marionlhote.org\/index.php\/wp-json\/wp\/v2\/types\/post"}],"author":[{"embeddable":true,"href":"https:\/\/marionlhote.org\/index.php\/wp-json\/wp\/v2\/users\/1"}],"replies":[{"embeddable":true,"href":"https:\/\/marionlhote.org\/index.php\/wp-json\/wp\/v2\/comments?post=251"}],"version-history":[{"count":6,"href":"https:\/\/marionlhote.org\/index.php\/wp-json\/wp\/v2\/posts\/251\/revisions"}],"predecessor-version":[{"id":768,"href":"https:\/\/marionlhote.org\/index.php\/wp-json\/wp\/v2\/posts\/251\/revisions\/768"}],"wp:featuredmedia":[{"embeddable":true,"href":"https:\/\/marionlhote.org\/index.php\/wp-json\/wp\/v2\/media\/253"}],"wp:attachment":[{"href":"https:\/\/marionlhote.org\/index.php\/wp-json\/wp\/v2\/media?parent=251"}],"wp:term":[{"taxonomy":"category","embeddable":true,"href":"https:\/\/marionlhote.org\/index.php\/wp-json\/wp\/v2\/categories?post=251"},{"taxonomy":"post_tag","embeddable":true,"href":"https:\/\/marionlhote.org\/index.php\/wp-json\/wp\/v2\/tags?post=251"}],"curies":[{"name":"wp","href":"https:\/\/api.w.org\/{rel}","templated":true}]}}